{"id":844,"date":"2022-02-13T09:10:36","date_gmt":"2022-02-13T08:10:36","guid":{"rendered":"https:\/\/ecole-communale-dottignies.be\/?p=844"},"modified":"2022-02-13T09:10:36","modified_gmt":"2022-02-13T08:10:36","slug":"lecole-aux-couleurs-du-carnaval","status":"publish","type":"post","link":"https:\/\/ecole-communale-dottignies.be\/?p=844","title":{"rendered":"L&rsquo;\u00e9cole aux couleurs du carnaval"},"content":{"rendered":"<p>Tous les enfants, de l&rsquo;accueil \u00e0 la 6e primaire, sont invit\u00e9s le <strong>mercredi 23 f\u00e9vrier 2022<\/strong> \u00e0 venir d\u00e9guis\u00e9s \u00e0 l&rsquo;\u00e9cole.<\/p>\n<p>Place \u00e0 l&rsquo;imagination, la cr\u00e9ativit\u00e9 et \u00e0 l&rsquo;amiti\u00e9 !<\/p>\n<p>&nbsp;<\/p>\n<p><img loading=\"lazy\" decoding=\"async\" class=\"aligncenter wp-image-845 size-full\" src=\"http:\/\/ecole-communale-dottignies.be\/wp-content\/uploads\/2022\/02\/Carnaval.jpg\" alt=\"\" width=\"1785\" height=\"1058\" srcset=\"https:\/\/ecole-communale-dottignies.be\/wp-content\/uploads\/2022\/02\/Carnaval.jpg 1785w, https:\/\/ecole-communale-dottignies.be\/wp-content\/uploads\/2022\/02\/Carnaval-300x178.jpg 300w, https:\/\/ecole-communale-dottignies.be\/wp-content\/uploads\/2022\/02\/Carnaval-1024x607.jpg 1024w, https:\/\/ecole-communale-dottignies.be\/wp-content\/uploads\/2022\/02\/Carnaval-768x455.jpg 768w, https:\/\/ecole-communale-dottignies.be\/wp-content\/uploads\/2022\/02\/Carnaval-1536x910.jpg 1536w, https:\/\/ecole-communale-dottignies.be\/wp-content\/uploads\/2022\/02\/Carnaval-600x356.jpg 600w\" sizes=\"auto, (max-width: 1785px) 100vw, 1785px\" \/><\/p>\n","protected":false},"excerpt":{"rendered":"<p>Tous les enfants, de l&rsquo;accueil \u00e0 la 6e primaire, sont invit\u00e9s le mercredi 23 f\u00e9vrier 2022 \u00e0 venir d\u00e9guis\u00e9s \u00e0 l&rsquo;\u00e9cole. Place \u00e0 l&rsquo;imagination, la cr\u00e9ativit\u00e9 et \u00e0 l&rsquo;amiti\u00e9 ! &nbsp;<\/p>\n","protected":false},"author":2,"featured_media":845,"comment_status":"closed","ping_status":"open","sticky":false,"template":"","format":"standard","meta":{"footnotes":""},"categories":[3],"tags":[],"class_list":{"0":"post-844","1":"post","2":"type-post","3":"status-publish","4":"format-standard","5":"has-post-thumbnail","7":"category-activites-pedagogiques","8":"czr-hentry"},"aioseo_notices":[],"_links":{"self":[{"href":"https:\/\/ecole-communale-dottignies.be\/index.php?rest_route=\/wp\/v2\/posts\/844","targetHints":{"allow":["GET"]}}],"collection":[{"href":"https:\/\/ecole-communale-dottignies.be\/index.php?rest_route=\/wp\/v2\/posts"}],"about":[{"href":"https:\/\/ecole-communale-dottignies.be\/index.php?rest_route=\/wp\/v2\/types\/post"}],"author":[{"embeddable":true,"href":"https:\/\/ecole-communale-dottignies.be\/index.php?rest_route=\/wp\/v2\/users\/2"}],"replies":[{"embeddable":true,"href":"https:\/\/ecole-communale-dottignies.be\/index.php?rest_route=%2Fwp%2Fv2%2Fcomments&post=844"}],"version-history":[{"count":1,"href":"https:\/\/ecole-communale-dottignies.be\/index.php?rest_route=\/wp\/v2\/posts\/844\/revisions"}],"predecessor-version":[{"id":846,"href":"https:\/\/ecole-communale-dottignies.be\/index.php?rest_route=\/wp\/v2\/posts\/844\/revisions\/846"}],"wp:featuredmedia":[{"embeddable":true,"href":"https:\/\/ecole-communale-dottignies.be\/index.php?rest_route=\/wp\/v2\/media\/845"}],"wp:attachment":[{"href":"https:\/\/ecole-communale-dottignies.be\/index.php?rest_route=%2Fwp%2Fv2%2Fmedia&parent=844"}],"wp:term":[{"taxonomy":"category","embeddable":true,"href":"https:\/\/ecole-communale-dottignies.be\/index.php?rest_route=%2Fwp%2Fv2%2Fcategories&post=844"},{"taxonomy":"post_tag","embeddable":true,"href":"https:\/\/ecole-communale-dottignies.be\/index.php?rest_route=%2Fwp%2Fv2%2Ftags&post=844"}],"curies":[{"name":"wp","href":"https:\/\/api.w.org\/{rel}","templated":true}]}}