{"id":527,"date":"2019-11-24T08:13:28","date_gmt":"2019-11-24T07:13:28","guid":{"rendered":"http:\/\/ecole-communale-dottignies.be\/?p=527"},"modified":"2019-11-24T08:13:28","modified_gmt":"2019-11-24T07:13:28","slug":"ils-voient-la-vie-en-couleurs-m2","status":"publish","type":"post","link":"https:\/\/ecole-communale-dottignies.be\/?p=527","title":{"rendered":"Ils voient la vie en couleurs (M2)"},"content":{"rendered":"<p class=\"article__intro\"><strong>Belle initiative de Mme Th\u00e9r\u00e8se et de ses 17 artistes en herbe de deuxi\u00e8me maternelle de l\u2019\u00e9cole communale: une exposition avec les travaux r\u00e9alis\u00e9s par les bambins \u00e2g\u00e9s de 4 \u00e0 5 ans ouvrait ses portes le temps d\u2019un apr\u00e8s-midi.<\/strong><\/p>\n<p>L\u2019institutrice, aux petits soins pour ses \u00e9l\u00e8ves, a r\u00e9ussi \u00e0 r\u00e9aliser un magnifique travail avec les futurs Picasso.<\/p>\n<p><i>\u00abLe th\u00e8me de l\u2019exposition est la vie en couleurs. Au d\u00e9part d\u2019un livre, on a d\u00e9couvert ensemble les couleurs selon ses diff\u00e9rentes combinaisons comme la couleur des \u00e9motions, la couleur des aliments, la couleur des sentiments etc.<\/i><\/p>\n<p><i>Je les ai emmen\u00e9s au mus\u00e9e des Beaux-arts de Tournai o\u00f9 ils ont d\u00e9couvert ce que sont des tableaux, des sculptures. Nous avons fait des compositions \u00e0 travers les jeux, l\u2019histoire et la nature. Et tous ensemble nous sommes all\u00e9s \u00e0 Famiflora pour d\u00e9couvrir plantes et fleurs\u00bb.<\/i><\/p>\n<p>Mme Th\u00e9r\u00e8se n\u2019h\u00e9site manifestement pas \u00e0 partager ses exp\u00e9riences en apprenant aux enfants \u00e0 porter un regard plus large sur le monde.<\/p>\n<p><img loading=\"lazy\" decoding=\"async\" class=\"aligncenter size-full wp-image-528\" src=\"http:\/\/ecole-communale-dottignies.be\/wp-content\/uploads\/2019\/11\/m2.jpg\" alt=\"\" width=\"925\" height=\"479\" srcset=\"https:\/\/ecole-communale-dottignies.be\/wp-content\/uploads\/2019\/11\/m2.jpg 925w, https:\/\/ecole-communale-dottignies.be\/wp-content\/uploads\/2019\/11\/m2-300x155.jpg 300w, https:\/\/ecole-communale-dottignies.be\/wp-content\/uploads\/2019\/11\/m2-768x398.jpg 768w, https:\/\/ecole-communale-dottignies.be\/wp-content\/uploads\/2019\/11\/m2-600x311.jpg 600w\" sizes=\"auto, (max-width: 925px) 100vw, 925px\" \/><\/p>\n<p>Un article de L&rsquo;Avenir, <a href=\"https:\/\/www.lavenir.net\/cnt\/dmf20191030_01400730\/ils-voient-la-vie-en-couleurs\">https:\/\/www.lavenir.net\/cnt\/dmf20191030_01400730\/ils-voient-la-vie-en-couleurs<\/a><\/p>\n","protected":false},"excerpt":{"rendered":"<p>Belle initiative de Mme Th\u00e9r\u00e8se et de ses 17 artistes en herbe de deuxi\u00e8me maternelle de l\u2019\u00e9cole communale: une exposition avec les travaux r\u00e9alis\u00e9s par les bambins \u00e2g\u00e9s de 4 \u00e0 5 ans ouvrait ses portes le temps d\u2019un apr\u00e8s-midi. L\u2019institutrice, aux petits soins pour ses \u00e9l\u00e8ves, a r\u00e9ussi \u00e0 r\u00e9aliser un magnifique travail avec [&hellip;]<\/p>\n","protected":false},"author":2,"featured_media":528,"comment_status":"closed","ping_status":"open","sticky":false,"template":"","format":"standard","meta":{"footnotes":""},"categories":[3],"tags":[],"class_list":{"0":"post-527","1":"post","2":"type-post","3":"status-publish","4":"format-standard","5":"has-post-thumbnail","7":"category-activites-pedagogiques","8":"czr-hentry"},"aioseo_notices":[],"_links":{"self":[{"href":"https:\/\/ecole-communale-dottignies.be\/index.php?rest_route=\/wp\/v2\/posts\/527","targetHints":{"allow":["GET"]}}],"collection":[{"href":"https:\/\/ecole-communale-dottignies.be\/index.php?rest_route=\/wp\/v2\/posts"}],"about":[{"href":"https:\/\/ecole-communale-dottignies.be\/index.php?rest_route=\/wp\/v2\/types\/post"}],"author":[{"embeddable":true,"href":"https:\/\/ecole-communale-dottignies.be\/index.php?rest_route=\/wp\/v2\/users\/2"}],"replies":[{"embeddable":true,"href":"https:\/\/ecole-communale-dottignies.be\/index.php?rest_route=%2Fwp%2Fv2%2Fcomments&post=527"}],"version-history":[{"count":1,"href":"https:\/\/ecole-communale-dottignies.be\/index.php?rest_route=\/wp\/v2\/posts\/527\/revisions"}],"predecessor-version":[{"id":529,"href":"https:\/\/ecole-communale-dottignies.be\/index.php?rest_route=\/wp\/v2\/posts\/527\/revisions\/529"}],"wp:featuredmedia":[{"embeddable":true,"href":"https:\/\/ecole-communale-dottignies.be\/index.php?rest_route=\/wp\/v2\/media\/528"}],"wp:attachment":[{"href":"https:\/\/ecole-communale-dottignies.be\/index.php?rest_route=%2Fwp%2Fv2%2Fmedia&parent=527"}],"wp:term":[{"taxonomy":"category","embeddable":true,"href":"https:\/\/ecole-communale-dottignies.be\/index.php?rest_route=%2Fwp%2Fv2%2Fcategories&post=527"},{"taxonomy":"post_tag","embeddable":true,"href":"https:\/\/ecole-communale-dottignies.be\/index.php?rest_route=%2Fwp%2Fv2%2Ftags&post=527"}],"curies":[{"name":"wp","href":"https:\/\/api.w.org\/{rel}","templated":true}]}}