{"id":486,"date":"2019-10-07T17:33:01","date_gmt":"2019-10-07T15:33:01","guid":{"rendered":"http:\/\/ecole-communale-dottignies.be\/?p=486"},"modified":"2019-10-07T17:33:01","modified_gmt":"2019-10-07T15:33:01","slug":"vive-lautomne-m1","status":"publish","type":"post","link":"https:\/\/ecole-communale-dottignies.be\/?p=486","title":{"rendered":"Vive l&rsquo;automne (M1)"},"content":{"rendered":"<div>Une promenade au bois = des sacs remplis de tr\u00e9sors ramass\u00e9s, pour les activit\u00e9s manuelles, math\u00e9matiques, d&rsquo;\u00e9veil\u2026<\/div>\n<div>Quelle belle matin\u00e9e enrichissante!<\/div>\n<div>Vive l&rsquo;automne.<\/div>\n<div style=\"text-align: right;\">Les \u00e9l\u00e8ves de 1\u00e8re maternelle<\/div>\n<div><img loading=\"lazy\" decoding=\"async\" class=\"aligncenter size-large wp-image-488\" src=\"http:\/\/ecole-communale-dottignies.be\/wp-content\/uploads\/2019\/10\/thumbnail_20190926_1020351-1024x576.jpg\" alt=\"\" width=\"640\" height=\"360\" srcset=\"https:\/\/ecole-communale-dottignies.be\/wp-content\/uploads\/2019\/10\/thumbnail_20190926_1020351-1024x576.jpg 1024w, https:\/\/ecole-communale-dottignies.be\/wp-content\/uploads\/2019\/10\/thumbnail_20190926_1020351-300x169.jpg 300w, https:\/\/ecole-communale-dottignies.be\/wp-content\/uploads\/2019\/10\/thumbnail_20190926_1020351-768x432.jpg 768w, https:\/\/ecole-communale-dottignies.be\/wp-content\/uploads\/2019\/10\/thumbnail_20190926_1020351-600x338.jpg 600w, https:\/\/ecole-communale-dottignies.be\/wp-content\/uploads\/2019\/10\/thumbnail_20190926_1020351.jpg 1280w\" sizes=\"auto, (max-width: 640px) 100vw, 640px\" \/><\/div>\n<div><\/div>\n<div><\/div>\n<div><img loading=\"lazy\" decoding=\"async\" class=\"aligncenter size-large wp-image-487\" src=\"http:\/\/ecole-communale-dottignies.be\/wp-content\/uploads\/2019\/10\/thumbnail_20190926_0935011-576x1024.jpg\" alt=\"\" width=\"576\" height=\"1024\" srcset=\"https:\/\/ecole-communale-dottignies.be\/wp-content\/uploads\/2019\/10\/thumbnail_20190926_0935011-576x1024.jpg 576w, https:\/\/ecole-communale-dottignies.be\/wp-content\/uploads\/2019\/10\/thumbnail_20190926_0935011-169x300.jpg 169w, https:\/\/ecole-communale-dottignies.be\/wp-content\/uploads\/2019\/10\/thumbnail_20190926_0935011-600x1067.jpg 600w, https:\/\/ecole-communale-dottignies.be\/wp-content\/uploads\/2019\/10\/thumbnail_20190926_0935011.jpg 720w\" sizes=\"auto, (max-width: 576px) 100vw, 576px\" \/><\/div>\n<div>\u00a0 <img loading=\"lazy\" decoding=\"async\" class=\"aligncenter size-large wp-image-489\" src=\"http:\/\/ecole-communale-dottignies.be\/wp-content\/uploads\/2019\/10\/thumbnail_20191007_1445231-1024x576.jpg\" alt=\"\" width=\"640\" height=\"360\" srcset=\"https:\/\/ecole-communale-dottignies.be\/wp-content\/uploads\/2019\/10\/thumbnail_20191007_1445231-1024x576.jpg 1024w, https:\/\/ecole-communale-dottignies.be\/wp-content\/uploads\/2019\/10\/thumbnail_20191007_1445231-300x169.jpg 300w, https:\/\/ecole-communale-dottignies.be\/wp-content\/uploads\/2019\/10\/thumbnail_20191007_1445231-768x432.jpg 768w, https:\/\/ecole-communale-dottignies.be\/wp-content\/uploads\/2019\/10\/thumbnail_20191007_1445231-600x338.jpg 600w, https:\/\/ecole-communale-dottignies.be\/wp-content\/uploads\/2019\/10\/thumbnail_20191007_1445231.jpg 1280w\" sizes=\"auto, (max-width: 640px) 100vw, 640px\" \/><\/div>\n<div><\/div>\n<div><img loading=\"lazy\" decoding=\"async\" class=\"aligncenter size-large wp-image-490\" src=\"http:\/\/ecole-communale-dottignies.be\/wp-content\/uploads\/2019\/10\/unnamed.jpg\" alt=\"\" width=\"600\" height=\"362\" srcset=\"https:\/\/ecole-communale-dottignies.be\/wp-content\/uploads\/2019\/10\/unnamed.jpg 600w, https:\/\/ecole-communale-dottignies.be\/wp-content\/uploads\/2019\/10\/unnamed-300x181.jpg 300w\" sizes=\"auto, (max-width: 600px) 100vw, 600px\" \/><\/div>\n","protected":false},"excerpt":{"rendered":"<p>Une promenade au bois = des sacs remplis de tr\u00e9sors ramass\u00e9s, pour les activit\u00e9s manuelles, math\u00e9matiques, d&rsquo;\u00e9veil\u2026 Quelle belle matin\u00e9e enrichissante! Vive l&rsquo;automne. Les \u00e9l\u00e8ves de 1\u00e8re maternelle \u00a0<\/p>\n","protected":false},"author":2,"featured_media":488,"comment_status":"closed","ping_status":"open","sticky":false,"template":"","format":"standard","meta":{"footnotes":""},"categories":[3],"tags":[],"class_list":{"0":"post-486","1":"post","2":"type-post","3":"status-publish","4":"format-standard","5":"has-post-thumbnail","7":"category-activites-pedagogiques","8":"czr-hentry"},"aioseo_notices":[],"_links":{"self":[{"href":"https:\/\/ecole-communale-dottignies.be\/index.php?rest_route=\/wp\/v2\/posts\/486","targetHints":{"allow":["GET"]}}],"collection":[{"href":"https:\/\/ecole-communale-dottignies.be\/index.php?rest_route=\/wp\/v2\/posts"}],"about":[{"href":"https:\/\/ecole-communale-dottignies.be\/index.php?rest_route=\/wp\/v2\/types\/post"}],"author":[{"embeddable":true,"href":"https:\/\/ecole-communale-dottignies.be\/index.php?rest_route=\/wp\/v2\/users\/2"}],"replies":[{"embeddable":true,"href":"https:\/\/ecole-communale-dottignies.be\/index.php?rest_route=%2Fwp%2Fv2%2Fcomments&post=486"}],"version-history":[{"count":1,"href":"https:\/\/ecole-communale-dottignies.be\/index.php?rest_route=\/wp\/v2\/posts\/486\/revisions"}],"predecessor-version":[{"id":491,"href":"https:\/\/ecole-communale-dottignies.be\/index.php?rest_route=\/wp\/v2\/posts\/486\/revisions\/491"}],"wp:featuredmedia":[{"embeddable":true,"href":"https:\/\/ecole-communale-dottignies.be\/index.php?rest_route=\/wp\/v2\/media\/488"}],"wp:attachment":[{"href":"https:\/\/ecole-communale-dottignies.be\/index.php?rest_route=%2Fwp%2Fv2%2Fmedia&parent=486"}],"wp:term":[{"taxonomy":"category","embeddable":true,"href":"https:\/\/ecole-communale-dottignies.be\/index.php?rest_route=%2Fwp%2Fv2%2Fcategories&post=486"},{"taxonomy":"post_tag","embeddable":true,"href":"https:\/\/ecole-communale-dottignies.be\/index.php?rest_route=%2Fwp%2Fv2%2Ftags&post=486"}],"curies":[{"name":"wp","href":"https:\/\/api.w.org\/{rel}","templated":true}]}}