{"id":374,"date":"2019-05-12T12:00:33","date_gmt":"2019-05-12T10:00:33","guid":{"rendered":"http:\/\/ecole-communale-dottignies.be\/?p=374"},"modified":"2019-05-08T16:39:17","modified_gmt":"2019-05-08T14:39:17","slug":"bonne-fete-a-toutes-les-mamans-m1","status":"publish","type":"post","link":"https:\/\/ecole-communale-dottignies.be\/?p=374","title":{"rendered":"Bonne f\u00eate \u00e0 toutes les mamans ! (M1)"},"content":{"rendered":"<h2 style=\"text-align: center;\">\u00a0\u00ab\u00a0Bonne f\u00eate \u00e0 toutes les mamans !\u00a0\u00bb<\/h2>\n<div>\u00a0voil\u00e0 le message des \u00e9l\u00e8ves de 1\u00e8re maternelle .<\/div>\n<div><\/div>\n<div><img loading=\"lazy\" decoding=\"async\" class=\"aligncenter size-large wp-image-375\" src=\"http:\/\/ecole-communale-dottignies.be\/wp-content\/uploads\/2019\/05\/thumbnail_IMG_20190508_1014001-bis-1024x559.jpg\" alt=\"\" width=\"640\" height=\"349\" srcset=\"https:\/\/ecole-communale-dottignies.be\/wp-content\/uploads\/2019\/05\/thumbnail_IMG_20190508_1014001-bis-1024x559.jpg 1024w, https:\/\/ecole-communale-dottignies.be\/wp-content\/uploads\/2019\/05\/thumbnail_IMG_20190508_1014001-bis-300x164.jpg 300w, https:\/\/ecole-communale-dottignies.be\/wp-content\/uploads\/2019\/05\/thumbnail_IMG_20190508_1014001-bis-768x419.jpg 768w, https:\/\/ecole-communale-dottignies.be\/wp-content\/uploads\/2019\/05\/thumbnail_IMG_20190508_1014001-bis.jpg 1108w\" sizes=\"auto, (max-width: 640px) 100vw, 640px\" \/><\/div>\n<div><\/div>\n<div>Et voici leur compliment qu&rsquo;ils r\u00e9citeront \u00e0 leur maman en ce beau jour:<\/div>\n<div><\/div>\n<div style=\"text-align: right;\">\n<p style=\"text-align: center;\"><span style=\"color: #000000;\">\u00ab\u00a0Si j\u2019\u00e9tais jardinier,<\/span><\/p>\n<p style=\"text-align: center;\"><span style=\"color: #000000;\">Je ferais pousser une fleur<\/span><\/p>\n<p style=\"text-align: center;\"><span style=\"color: #000000;\">En forme de c\u0153ur.<\/span><\/p>\n<p style=\"text-align: center;\"><span style=\"color: #000000;\">Elle serait pour Maman<\/span><\/p>\n<p style=\"text-align: center;\"><span style=\"color: #000000;\">Qui la garderait longtemps<\/span><\/p>\n<p style=\"text-align: center;\"><span style=\"color: #000000;\">Car Maman saurait que la fleur<\/span><\/p>\n<p style=\"text-align: center;\"><span style=\"color: #000000;\">C\u2019est tout l\u2019Amour de mon c\u0153ur\u00a0! \u00ab\u00a0<\/span><\/p>\n<p><span style=\"color: #000000;\"> Le 12 mai 2019<\/span><\/p>\n<p style=\"text-align: center;\">\n<p style=\"text-align: center;\"><span style=\"color: #000000;\">Alors\u00a0 il est tout \u00e0 fait normal d&rsquo;avoir cr\u00e9\u00e9 une jolie fleur en forme de c\u0153ur <\/span><span style=\"color: #000000;\">et d&rsquo;offrir tout cela sur un beau plateau non pas en argent mais tout aussi beau !<\/span><\/p>\n<\/div>\n<div><\/div>\n","protected":false},"excerpt":{"rendered":"<p>\u00a0\u00ab\u00a0Bonne f\u00eate \u00e0 toutes les mamans !\u00a0\u00bb \u00a0voil\u00e0 le message des \u00e9l\u00e8ves de 1\u00e8re maternelle . Et voici leur compliment qu&rsquo;ils r\u00e9citeront \u00e0 leur maman en ce beau jour: \u00ab\u00a0Si j\u2019\u00e9tais jardinier, Je ferais pousser une fleur En forme de c\u0153ur. Elle serait pour Maman Qui la garderait longtemps Car Maman saurait que la fleur [&hellip;]<\/p>\n","protected":false},"author":2,"featured_media":375,"comment_status":"closed","ping_status":"open","sticky":false,"template":"","format":"standard","meta":{"footnotes":""},"categories":[3],"tags":[],"class_list":{"0":"post-374","1":"post","2":"type-post","3":"status-publish","4":"format-standard","5":"has-post-thumbnail","7":"category-activites-pedagogiques","8":"czr-hentry"},"aioseo_notices":[],"_links":{"self":[{"href":"https:\/\/ecole-communale-dottignies.be\/index.php?rest_route=\/wp\/v2\/posts\/374","targetHints":{"allow":["GET"]}}],"collection":[{"href":"https:\/\/ecole-communale-dottignies.be\/index.php?rest_route=\/wp\/v2\/posts"}],"about":[{"href":"https:\/\/ecole-communale-dottignies.be\/index.php?rest_route=\/wp\/v2\/types\/post"}],"author":[{"embeddable":true,"href":"https:\/\/ecole-communale-dottignies.be\/index.php?rest_route=\/wp\/v2\/users\/2"}],"replies":[{"embeddable":true,"href":"https:\/\/ecole-communale-dottignies.be\/index.php?rest_route=%2Fwp%2Fv2%2Fcomments&post=374"}],"version-history":[{"count":1,"href":"https:\/\/ecole-communale-dottignies.be\/index.php?rest_route=\/wp\/v2\/posts\/374\/revisions"}],"predecessor-version":[{"id":376,"href":"https:\/\/ecole-communale-dottignies.be\/index.php?rest_route=\/wp\/v2\/posts\/374\/revisions\/376"}],"wp:featuredmedia":[{"embeddable":true,"href":"https:\/\/ecole-communale-dottignies.be\/index.php?rest_route=\/wp\/v2\/media\/375"}],"wp:attachment":[{"href":"https:\/\/ecole-communale-dottignies.be\/index.php?rest_route=%2Fwp%2Fv2%2Fmedia&parent=374"}],"wp:term":[{"taxonomy":"category","embeddable":true,"href":"https:\/\/ecole-communale-dottignies.be\/index.php?rest_route=%2Fwp%2Fv2%2Fcategories&post=374"},{"taxonomy":"post_tag","embeddable":true,"href":"https:\/\/ecole-communale-dottignies.be\/index.php?rest_route=%2Fwp%2Fv2%2Ftags&post=374"}],"curies":[{"name":"wp","href":"https:\/\/api.w.org\/{rel}","templated":true}]}}