{"id":2985,"date":"2026-09-01T18:29:29","date_gmt":"2026-09-01T16:29:29","guid":{"rendered":"https:\/\/ecole-communale-dottignies.be\/?p=2985"},"modified":"2026-09-01T18:29:29","modified_gmt":"2026-09-01T16:29:29","slug":"les-etudes","status":"publish","type":"post","link":"https:\/\/ecole-communale-dottignies.be\/?p=2985","title":{"rendered":"Les \u00e9tudes"},"content":{"rendered":"<p>Les \u00e9tudes sont organis\u00e9es le lundi, mardi, jeudi et vendredi.<\/p>\n<p>Les enfants ne pourront \u00eatre r\u00e9cup\u00e9r\u00e9s qu\u2019\u00e0 partir de 16h25, heure de fin de l\u2019\u00e9tude.<\/p>\n<p>Afin de garantir un environnement calme et propice \u00e0 la concentration, aucune sortie ou interruption ne sera autoris\u00e9e pendant le d\u00e9roulement de l\u2019\u00e9tude. Il est essentiel de ne pas perturber les enfants dans leur travail.<\/p>\n<p>1 Carte de 10 \u00e9tudes : 10\u20ac<\/p>\n<p>Les cartes \u00e9tudes sont \u00e0 payer d\u2019avance sur le compte bancaire de l\u2019\u00e9cole :<br \/>\nEcole de Dottignies ASBL<br \/>\nBE 82732074740268<\/p>\n<p>Veuillez indiquer sur votre virement :<br \/>\n&#8211; Nom et Pr\u00e9nom de l\u2019enfant ;<br \/>\n&#8211; Classe ;<br \/>\n&#8211; Le nombre de cartes demand\u00e9es.<\/p>\n","protected":false},"excerpt":{"rendered":"<p>Les \u00e9tudes sont organis\u00e9es le lundi, mardi, jeudi et vendredi. Les enfants ne pourront \u00eatre r\u00e9cup\u00e9r\u00e9s qu\u2019\u00e0 partir de 16h25, heure de fin de l\u2019\u00e9tude. Afin de garantir un environnement calme et propice \u00e0 la concentration, aucune sortie ou interruption ne sera autoris\u00e9e pendant le d\u00e9roulement de l\u2019\u00e9tude. Il est essentiel de ne pas perturber [&hellip;]<\/p>\n","protected":false},"author":3,"featured_media":2986,"comment_status":"closed","ping_status":"open","sticky":false,"template":"","format":"standard","meta":{"footnotes":""},"categories":[1],"tags":[],"class_list":["post-2985","post","type-post","status-publish","format-standard","has-post-thumbnail","category-notre-ecole","czr-hentry"],"aioseo_notices":[],"aioseo_head":"\n\t\t<!-- All in One SEO 5.0.1.1 - aioseo.com -->\n\t<meta name=\"description\" content=\"Les \u00e9tudes sont organis\u00e9es le lundi, mardi, jeudi et vendredi. Les enfants ne pourront \u00eatre r\u00e9cup\u00e9r\u00e9s qu\u2019\u00e0 partir de 16h25, heure de fin de l\u2019\u00e9tude. Afin de garantir un environnement calme et propice \u00e0 la concentration, aucune sortie ou interruption ne sera autoris\u00e9e pendant le d\u00e9roulement de l\u2019\u00e9tude. Il est essentiel de ne pas perturber\" \/>\n\t<meta name=\"robots\" content=\"max-image-preview:large\" \/>\n\t<meta name=\"author\" content=\"Maxime Duquesnoy\"\/>\n\t<link rel=\"canonical\" href=\"https:\/\/ecole-communale-dottignies.be\/?p=2985\" \/>\n\t<meta name=\"generator\" content=\"All in One SEO (AIOSEO) 5.0.1.1\" \/>\n\t\t<meta property=\"og:locale\" content=\"fr_FR\" \/>\n\t\t<meta property=\"og:site_name\" content=\"Ecole communale de Dottignies -\" \/>\n\t\t<meta property=\"og:type\" content=\"article\" \/>\n\t\t<meta property=\"og:title\" content=\"Les \u00e9tudes - Ecole communale de Dottignies\" \/>\n\t\t<meta property=\"og:description\" content=\"Les \u00e9tudes sont organis\u00e9es le lundi, mardi, jeudi et vendredi. Les enfants ne pourront \u00eatre r\u00e9cup\u00e9r\u00e9s qu\u2019\u00e0 partir de 16h25, heure de fin de l\u2019\u00e9tude. Afin de garantir un environnement calme et propice \u00e0 la concentration, aucune sortie ou interruption ne sera autoris\u00e9e pendant le d\u00e9roulement de l\u2019\u00e9tude. Il est essentiel de ne pas perturber\" \/>\n\t\t<meta property=\"og:url\" content=\"https:\/\/ecole-communale-dottignies.be\/?p=2985\" \/>\n\t\t<meta property=\"og:image\" content=\"https:\/\/ecole-communale-dottignies.be\/wp-content\/uploads\/2018\/08\/Logo.png\" \/>\n\t\t<meta property=\"og:image:secure_url\" content=\"https:\/\/ecole-communale-dottignies.be\/wp-content\/uploads\/2018\/08\/Logo.png\" \/>\n\t\t<meta property=\"og:image:width\" content=\"852\" \/>\n\t\t<meta property=\"og:image:height\" content=\"524\" \/>\n\t\t<meta property=\"article:published_time\" content=\"2026-09-01T16:29:29+00:00\" \/>\n\t\t<meta property=\"article:modified_time\" content=\"2026-09-01T16:29:29+00:00\" \/>\n\t\t<meta name=\"twitter:card\" content=\"summary_large_image\" \/>\n\t\t<meta name=\"twitter:title\" content=\"Les \u00e9tudes - Ecole communale de Dottignies\" \/>\n\t\t<meta name=\"twitter:description\" content=\"Les \u00e9tudes sont organis\u00e9es le lundi, mardi, jeudi et vendredi. Les enfants ne pourront \u00eatre r\u00e9cup\u00e9r\u00e9s qu\u2019\u00e0 partir de 16h25, heure de fin de l\u2019\u00e9tude. Afin de garantir un environnement calme et propice \u00e0 la concentration, aucune sortie ou interruption ne sera autoris\u00e9e pendant le d\u00e9roulement de l\u2019\u00e9tude. Il est essentiel de ne pas perturber\" \/>\n\t\t<meta name=\"twitter:image\" content=\"https:\/\/ecole-communale-dottignies.be\/wp-content\/uploads\/2018\/08\/Logo.png\" \/>\n\t\t<script type=\"application\/ld+json\" class=\"aioseo-schema\">\n\t\t\t{\"@context\":\"https:\\\/\\\/schema.org\",\"@graph\":[{\"@type\":\"BlogPosting\",\"@id\":\"https:\\\/\\\/ecole-communale-dottignies.be\\\/?p=2985#blogposting\",\"name\":\"Les \\u00e9tudes - Ecole communale de Dottignies\",\"headline\":\"Les \\u00e9tudes\",\"author\":{\"@id\":\"https:\\\/\\\/ecole-communale-dottignies.be\\\/?author=3#author\"},\"publisher\":{\"@id\":\"https:\\\/\\\/ecole-communale-dottignies.be\\\/#organization\"},\"image\":{\"@type\":\"ImageObject\",\"url\":\"https:\\\/\\\/ecole-communale-dottignies.be\\\/wp-content\\\/uploads\\\/2026\\\/09\\\/Design-sans-titre.jpg\",\"width\":2000,\"height\":1410},\"datePublished\":\"2026-09-01T18:29:29+02:00\",\"dateModified\":\"2026-09-01T18:29:29+02:00\",\"inLanguage\":\"fr-FR\",\"mainEntityOfPage\":{\"@id\":\"https:\\\/\\\/ecole-communale-dottignies.be\\\/?p=2985#webpage\"},\"isPartOf\":{\"@id\":\"https:\\\/\\\/ecole-communale-dottignies.be\\\/?p=2985#webpage\"},\"articleSection\":\"Notre \\u00e9cole\"},{\"@type\":\"BreadcrumbList\",\"@id\":\"https:\\\/\\\/ecole-communale-dottignies.be\\\/?p=2985#breadcrumblist\",\"itemListElement\":[{\"@type\":\"ListItem\",\"@id\":\"https:\\\/\\\/ecole-communale-dottignies.be#listItem\",\"position\":1,\"name\":\"Domicile\",\"item\":\"https:\\\/\\\/ecole-communale-dottignies.be\",\"nextItem\":{\"@type\":\"ListItem\",\"@id\":\"https:\\\/\\\/ecole-communale-dottignies.be\\\/?cat=1#listItem\",\"name\":\"Notre \\u00e9cole\"}},{\"@type\":\"ListItem\",\"@id\":\"https:\\\/\\\/ecole-communale-dottignies.be\\\/?cat=1#listItem\",\"position\":2,\"name\":\"Notre \\u00e9cole\",\"item\":\"https:\\\/\\\/ecole-communale-dottignies.be\\\/?cat=1\",\"nextItem\":{\"@type\":\"ListItem\",\"@id\":\"https:\\\/\\\/ecole-communale-dottignies.be\\\/?p=2985#listItem\",\"name\":\"Les \\u00e9tudes\"},\"previousItem\":{\"@type\":\"ListItem\",\"@id\":\"https:\\\/\\\/ecole-communale-dottignies.be#listItem\",\"name\":\"Domicile\"}},{\"@type\":\"ListItem\",\"@id\":\"https:\\\/\\\/ecole-communale-dottignies.be\\\/?p=2985#listItem\",\"position\":3,\"name\":\"Les \\u00e9tudes\",\"previousItem\":{\"@type\":\"ListItem\",\"@id\":\"https:\\\/\\\/ecole-communale-dottignies.be\\\/?cat=1#listItem\",\"name\":\"Notre \\u00e9cole\"}}]},{\"@type\":\"Organization\",\"@id\":\"https:\\\/\\\/ecole-communale-dottignies.be\\\/#organization\",\"name\":\"Ecole communale de Dottignies\",\"url\":\"https:\\\/\\\/ecole-communale-dottignies.be\\\/\",\"logo\":{\"@type\":\"ImageObject\",\"url\":\"https:\\\/\\\/ecole-communale-dottignies.be\\\/wp-content\\\/uploads\\\/2024\\\/09\\\/cropped-Logo-Ecole-Comm-Dot.jpg\",\"@id\":\"https:\\\/\\\/ecole-communale-dottignies.be\\\/?p=2985\\\/#organizationLogo\",\"width\":600,\"height\":240},\"image\":{\"@id\":\"https:\\\/\\\/ecole-communale-dottignies.be\\\/?p=2985\\\/#organizationLogo\"}},{\"@type\":\"Person\",\"@id\":\"https:\\\/\\\/ecole-communale-dottignies.be\\\/?author=3#author\",\"url\":\"https:\\\/\\\/ecole-communale-dottignies.be\\\/?author=3\",\"name\":\"Maxime Duquesnoy\"},{\"@type\":\"WebPage\",\"@id\":\"https:\\\/\\\/ecole-communale-dottignies.be\\\/?p=2985#webpage\",\"url\":\"https:\\\/\\\/ecole-communale-dottignies.be\\\/?p=2985\",\"name\":\"Les \\u00e9tudes - Ecole communale de Dottignies\",\"description\":\"Les \\u00e9tudes sont organis\\u00e9es le lundi, mardi, jeudi et vendredi. Les enfants ne pourront \\u00eatre r\\u00e9cup\\u00e9r\\u00e9s qu\\u2019\\u00e0 partir de 16h25, heure de fin de l\\u2019\\u00e9tude. Afin de garantir un environnement calme et propice \\u00e0 la concentration, aucune sortie ou interruption ne sera autoris\\u00e9e pendant le d\\u00e9roulement de l\\u2019\\u00e9tude. Il est essentiel de ne pas perturber\",\"inLanguage\":\"fr-FR\",\"isPartOf\":{\"@id\":\"https:\\\/\\\/ecole-communale-dottignies.be\\\/#website\"},\"breadcrumb\":{\"@id\":\"https:\\\/\\\/ecole-communale-dottignies.be\\\/?p=2985#breadcrumblist\"},\"author\":{\"@id\":\"https:\\\/\\\/ecole-communale-dottignies.be\\\/?author=3#author\"},\"creator\":{\"@id\":\"https:\\\/\\\/ecole-communale-dottignies.be\\\/?author=3#author\"},\"image\":{\"@type\":\"ImageObject\",\"url\":\"https:\\\/\\\/ecole-communale-dottignies.be\\\/wp-content\\\/uploads\\\/2026\\\/09\\\/Design-sans-titre.jpg\",\"@id\":\"https:\\\/\\\/ecole-communale-dottignies.be\\\/?p=2985\\\/#mainImage\",\"width\":2000,\"height\":1410},\"primaryImageOfPage\":{\"@id\":\"https:\\\/\\\/ecole-communale-dottignies.be\\\/?p=2985#mainImage\"},\"datePublished\":\"2026-09-01T18:29:29+02:00\",\"dateModified\":\"2026-09-01T18:29:29+02:00\"},{\"@type\":\"WebSite\",\"@id\":\"https:\\\/\\\/ecole-communale-dottignies.be\\\/#website\",\"url\":\"https:\\\/\\\/ecole-communale-dottignies.be\\\/\",\"name\":\"Ecole communale de Dottignies\",\"inLanguage\":\"fr-FR\",\"publisher\":{\"@id\":\"https:\\\/\\\/ecole-communale-dottignies.be\\\/#organization\"}}]}\n\t\t<\/script>\n\t\t<!-- All in One SEO -->\n\n","aioseo_head_json":{"title":"Les \u00e9tudes - Ecole communale de Dottignies","description":"Les \u00e9tudes sont organis\u00e9es le lundi, mardi, jeudi et vendredi. Les enfants ne pourront \u00eatre r\u00e9cup\u00e9r\u00e9s qu\u2019\u00e0 partir de 16h25, heure de fin de l\u2019\u00e9tude. Afin de garantir un environnement calme et propice \u00e0 la concentration, aucune sortie ou interruption ne sera autoris\u00e9e pendant le d\u00e9roulement de l\u2019\u00e9tude. Il est essentiel de ne pas perturber","canonical_url":"https:\/\/ecole-communale-dottignies.be\/?p=2985","robots":"max-image-preview:large","keywords":"","webmasterTools":{"miscellaneous":""},"schema":{"@context":"https:\/\/schema.org","@graph":[{"@type":"BlogPosting","@id":"https:\/\/ecole-communale-dottignies.be\/?p=2985#blogposting","name":"Les \u00e9tudes - Ecole communale de Dottignies","headline":"Les \u00e9tudes","author":{"@id":"https:\/\/ecole-communale-dottignies.be\/?author=3#author"},"publisher":{"@id":"https:\/\/ecole-communale-dottignies.be\/#organization"},"image":{"@type":"ImageObject","url":"https:\/\/ecole-communale-dottignies.be\/wp-content\/uploads\/2026\/09\/Design-sans-titre.jpg","width":2000,"height":1410},"datePublished":"2026-09-01T18:29:29+02:00","dateModified":"2026-09-01T18:29:29+02:00","inLanguage":"fr-FR","mainEntityOfPage":{"@id":"https:\/\/ecole-communale-dottignies.be\/?p=2985#webpage"},"isPartOf":{"@id":"https:\/\/ecole-communale-dottignies.be\/?p=2985#webpage"},"articleSection":"Notre \u00e9cole"},{"@type":"BreadcrumbList","@id":"https:\/\/ecole-communale-dottignies.be\/?p=2985#breadcrumblist","itemListElement":[{"@type":"ListItem","@id":"https:\/\/ecole-communale-dottignies.be#listItem","position":1,"name":"Domicile","item":"https:\/\/ecole-communale-dottignies.be","nextItem":{"@type":"ListItem","@id":"https:\/\/ecole-communale-dottignies.be\/?cat=1#listItem","name":"Notre \u00e9cole"}},{"@type":"ListItem","@id":"https:\/\/ecole-communale-dottignies.be\/?cat=1#listItem","position":2,"name":"Notre \u00e9cole","item":"https:\/\/ecole-communale-dottignies.be\/?cat=1","nextItem":{"@type":"ListItem","@id":"https:\/\/ecole-communale-dottignies.be\/?p=2985#listItem","name":"Les \u00e9tudes"},"previousItem":{"@type":"ListItem","@id":"https:\/\/ecole-communale-dottignies.be#listItem","name":"Domicile"}},{"@type":"ListItem","@id":"https:\/\/ecole-communale-dottignies.be\/?p=2985#listItem","position":3,"name":"Les \u00e9tudes","previousItem":{"@type":"ListItem","@id":"https:\/\/ecole-communale-dottignies.be\/?cat=1#listItem","name":"Notre \u00e9cole"}}]},{"@type":"Organization","@id":"https:\/\/ecole-communale-dottignies.be\/#organization","name":"Ecole communale de Dottignies","url":"https:\/\/ecole-communale-dottignies.be\/","logo":{"@type":"ImageObject","url":"https:\/\/ecole-communale-dottignies.be\/wp-content\/uploads\/2024\/09\/cropped-Logo-Ecole-Comm-Dot.jpg","@id":"https:\/\/ecole-communale-dottignies.be\/?p=2985\/#organizationLogo","width":600,"height":240},"image":{"@id":"https:\/\/ecole-communale-dottignies.be\/?p=2985\/#organizationLogo"}},{"@type":"Person","@id":"https:\/\/ecole-communale-dottignies.be\/?author=3#author","url":"https:\/\/ecole-communale-dottignies.be\/?author=3","name":"Maxime Duquesnoy"},{"@type":"WebPage","@id":"https:\/\/ecole-communale-dottignies.be\/?p=2985#webpage","url":"https:\/\/ecole-communale-dottignies.be\/?p=2985","name":"Les \u00e9tudes - Ecole communale de Dottignies","description":"Les \u00e9tudes sont organis\u00e9es le lundi, mardi, jeudi et vendredi. Les enfants ne pourront \u00eatre r\u00e9cup\u00e9r\u00e9s qu\u2019\u00e0 partir de 16h25, heure de fin de l\u2019\u00e9tude. Afin de garantir un environnement calme et propice \u00e0 la concentration, aucune sortie ou interruption ne sera autoris\u00e9e pendant le d\u00e9roulement de l\u2019\u00e9tude. Il est essentiel de ne pas perturber","inLanguage":"fr-FR","isPartOf":{"@id":"https:\/\/ecole-communale-dottignies.be\/#website"},"breadcrumb":{"@id":"https:\/\/ecole-communale-dottignies.be\/?p=2985#breadcrumblist"},"author":{"@id":"https:\/\/ecole-communale-dottignies.be\/?author=3#author"},"creator":{"@id":"https:\/\/ecole-communale-dottignies.be\/?author=3#author"},"image":{"@type":"ImageObject","url":"https:\/\/ecole-communale-dottignies.be\/wp-content\/uploads\/2026\/09\/Design-sans-titre.jpg","@id":"https:\/\/ecole-communale-dottignies.be\/?p=2985\/#mainImage","width":2000,"height":1410},"primaryImageOfPage":{"@id":"https:\/\/ecole-communale-dottignies.be\/?p=2985#mainImage"},"datePublished":"2026-09-01T18:29:29+02:00","dateModified":"2026-09-01T18:29:29+02:00"},{"@type":"WebSite","@id":"https:\/\/ecole-communale-dottignies.be\/#website","url":"https:\/\/ecole-communale-dottignies.be\/","name":"Ecole communale de Dottignies","inLanguage":"fr-FR","publisher":{"@id":"https:\/\/ecole-communale-dottignies.be\/#organization"}}]},"og:locale":"fr_FR","og:site_name":"Ecole communale de Dottignies -","og:type":"article","og:title":"Les \u00e9tudes - Ecole communale de Dottignies","og:description":"Les \u00e9tudes sont organis\u00e9es le lundi, mardi, jeudi et vendredi. Les enfants ne pourront \u00eatre r\u00e9cup\u00e9r\u00e9s qu\u2019\u00e0 partir de 16h25, heure de fin de l\u2019\u00e9tude. Afin de garantir un environnement calme et propice \u00e0 la concentration, aucune sortie ou interruption ne sera autoris\u00e9e pendant le d\u00e9roulement de l\u2019\u00e9tude. Il est essentiel de ne pas perturber","og:url":"https:\/\/ecole-communale-dottignies.be\/?p=2985","og:image":"https:\/\/ecole-communale-dottignies.be\/wp-content\/uploads\/2018\/08\/Logo.png","og:image:secure_url":"https:\/\/ecole-communale-dottignies.be\/wp-content\/uploads\/2018\/08\/Logo.png","og:image:width":852,"og:image:height":524,"article:published_time":"2026-09-01T16:29:29+00:00","article:modified_time":"2026-09-01T16:29:29+00:00","twitter:card":"summary_large_image","twitter:title":"Les \u00e9tudes - Ecole communale de Dottignies","twitter:description":"Les \u00e9tudes sont organis\u00e9es le lundi, mardi, jeudi et vendredi. Les enfants ne pourront \u00eatre r\u00e9cup\u00e9r\u00e9s qu\u2019\u00e0 partir de 16h25, heure de fin de l\u2019\u00e9tude. Afin de garantir un environnement calme et propice \u00e0 la concentration, aucune sortie ou interruption ne sera autoris\u00e9e pendant le d\u00e9roulement de l\u2019\u00e9tude. Il est essentiel de ne pas perturber","twitter:image":"https:\/\/ecole-communale-dottignies.be\/wp-content\/uploads\/2018\/08\/Logo.png"},"aioseo_meta_data":{"post_id":"2985","title":null,"description":null,"keywords":null,"keyphrases":{"focus":{"keyphrase":"","score":0,"analysis":{"keyphraseInTitle":{"score":0,"maxScore":9,"error":1}}},"additional":[]},"primary_term":null,"canonical_url":null,"og_title":null,"og_description":null,"og_object_type":"default","og_image_type":"default","og_image_url":null,"og_image_width":null,"og_image_height":null,"og_image_custom_url":null,"og_image_custom_fields":null,"og_video":"","og_custom_url":null,"og_article_section":null,"og_article_tags":null,"twitter_use_og":false,"twitter_card":"default","twitter_image_type":"default","twitter_image_url":null,"twitter_image_custom_url":null,"twitter_image_custom_fields":null,"twitter_title":null,"twitter_description":null,"schema":{"blockGraphs":[],"customGraphs":[],"default":{"data":{"Article":[],"Course":[],"Dataset":[],"FAQPage":[],"Movie":[],"Person":[],"Product":[],"ProductReview":[],"Car":[],"Recipe":[],"Service":[],"SoftwareApplication":[],"WebPage":[]},"graphName":"BlogPosting","isEnabled":true},"graphs":[]},"schema_type":"default","schema_type_options":null,"pillar_content":false,"robots_default":true,"robots_noindex":false,"robots_noarchive":false,"robots_nosnippet":false,"robots_nofollow":false,"robots_noimageindex":false,"robots_noodp":false,"robots_notranslate":false,"robots_max_snippet":"-1","robots_max_videopreview":"-1","robots_max_imagepreview":"large","priority":null,"frequency":"default","local_seo":null,"breadcrumb_settings":null,"limit_modified_date":false,"ai":{"faqs":[],"keyPoints":[],"schemas":[],"titles":[],"descriptions":[],"socialPosts":{"email":{"subject":"","preview":"","content":""},"linkedin":[],"twitter":[],"facebook":[],"instagram":[]}},"created":"2026-09-01 16:28:32","updated":"2026-09-01 16:30:16","seo_analyzer_scan_date":null,"focus_keyword":null,"additional_keywords":null,"truseo_locale":null},"aioseo_breadcrumb":"<div class=\"aioseo-breadcrumbs\"><span class=\"aioseo-breadcrumb\">\n\t\t\t<a href=\"https:\/\/ecole-communale-dottignies.be\" title=\"Domicile\">Domicile<\/a>\n\t\t<\/span><span class=\"aioseo-breadcrumb-separator\">&raquo;<\/span><span class=\"aioseo-breadcrumb\">\n\t\t\t<a href=\"https:\/\/ecole-communale-dottignies.be\/?cat=1\" title=\"Notre \u00e9cole\">Notre \u00e9cole<\/a>\n\t\t<\/span><span class=\"aioseo-breadcrumb-separator\">&raquo;<\/span><span class=\"aioseo-breadcrumb\">\n\t\t\tLes \u00e9tudes\n\t\t<\/span><\/div>","aioseo_breadcrumb_json":[{"label":"Domicile","link":"https:\/\/ecole-communale-dottignies.be"},{"label":"Notre \u00e9cole","link":"https:\/\/ecole-communale-dottignies.be\/?cat=1"},{"label":"Les \u00e9tudes","link":"https:\/\/ecole-communale-dottignies.be\/?p=2985"}],"_links":{"self":[{"href":"https:\/\/ecole-communale-dottignies.be\/index.php?rest_route=\/wp\/v2\/posts\/2985","targetHints":{"allow":["GET"]}}],"collection":[{"href":"https:\/\/ecole-communale-dottignies.be\/index.php?rest_route=\/wp\/v2\/posts"}],"about":[{"href":"https:\/\/ecole-communale-dottignies.be\/index.php?rest_route=\/wp\/v2\/types\/post"}],"author":[{"embeddable":true,"href":"https:\/\/ecole-communale-dottignies.be\/index.php?rest_route=\/wp\/v2\/users\/3"}],"replies":[{"embeddable":true,"href":"https:\/\/ecole-communale-dottignies.be\/index.php?rest_route=%2Fwp%2Fv2%2Fcomments&post=2985"}],"version-history":[{"count":1,"href":"https:\/\/ecole-communale-dottignies.be\/index.php?rest_route=\/wp\/v2\/posts\/2985\/revisions"}],"predecessor-version":[{"id":2987,"href":"https:\/\/ecole-communale-dottignies.be\/index.php?rest_route=\/wp\/v2\/posts\/2985\/revisions\/2987"}],"wp:featuredmedia":[{"embeddable":true,"href":"https:\/\/ecole-communale-dottignies.be\/index.php?rest_route=\/wp\/v2\/media\/2986"}],"wp:attachment":[{"href":"https:\/\/ecole-communale-dottignies.be\/index.php?rest_route=%2Fwp%2Fv2%2Fmedia&parent=2985"}],"wp:term":[{"taxonomy":"category","embeddable":true,"href":"https:\/\/ecole-communale-dottignies.be\/index.php?rest_route=%2Fwp%2Fv2%2Fcategories&post=2985"},{"taxonomy":"post_tag","embeddable":true,"href":"https:\/\/ecole-communale-dottignies.be\/index.php?rest_route=%2Fwp%2Fv2%2Ftags&post=2985"}],"curies":[{"name":"wp","href":"https:\/\/api.w.org\/{rel}","templated":true}]}}