{"id":2362,"date":"2025-02-08T12:58:55","date_gmt":"2025-02-08T11:58:55","guid":{"rendered":"https:\/\/ecole-communale-dottignies.be\/?p=2362"},"modified":"2025-02-08T12:58:55","modified_gmt":"2025-02-08T11:58:55","slug":"du-theatre-pour-sensibiliser-au-cyber-harcelement","status":"publish","type":"post","link":"https:\/\/ecole-communale-dottignies.be\/?p=2362","title":{"rendered":"Du th\u00e9\u00e2tre pour sensibiliser au cyber harc\u00e8lement"},"content":{"rendered":"<p><span class=\"m_-5182779032621221121normaltextrun\" style=\"color: #222222; font-family: Arial, Helvetica, sans-serif; font-size: small;\"><span lang=\"FR\" style=\"font-size: 10.5pt; font-family: 'Segoe UI', sans-serif; color: #242424; background-image: initial; background-position: initial; background-size: initial; background-repeat: initial; background-attachment: initial; background-origin: initial; background-clip: initial;\">Ce vendredi 7 f\u00e9vrier, <\/span><\/span><span class=\"m_-5182779032621221121normaltextrun\" style=\"color: #222222; font-family: Arial, Helvetica, sans-serif; font-size: small;\"><span lang=\"FR\" style=\"font-size: 10.5pt; font-family: 'Segoe UI', sans-serif; color: black; background-image: initial; background-position: initial; background-size: initial; background-repeat: initial; background-attachment: initial; background-origin: initial; background-clip: initial;\">nous avons<\/span><\/span><span class=\"m_-5182779032621221121normaltextrun\" style=\"color: #222222; font-family: Arial, Helvetica, sans-serif; font-size: small;\"><span lang=\"FR\" style=\"font-size: 10.5pt; font-family: 'Segoe UI', sans-serif; color: #242424; background-image: initial; background-position: initial; background-size: initial; background-repeat: initial; background-attachment: initial; background-origin: initial; background-clip: initial;\">\u00a0accueilli le th\u00e9\u00e2tre du Copion pour la pi\u00e8ce \u00ab\u00a0Chut au Silence\u00a0\u00bb, abordant le cyber harc\u00e8lement. <\/span><\/span><\/p>\n<p><span class=\"m_-5182779032621221121normaltextrun\" style=\"color: #222222; font-family: Arial, Helvetica, sans-serif; font-size: small;\"><span lang=\"FR\" style=\"font-size: 10.5pt; font-family: 'Segoe UI', sans-serif; color: #242424; background-image: initial; background-position: initial; background-size: initial; background-repeat: initial; background-attachment: initial; background-origin: initial; background-clip: initial;\">Les \u00e9l\u00e8ves de P5 et P6 ont particip\u00e9 activement \u00e0 cette repr\u00e9sentation, visant \u00e0 les sensibiliser et \u00e0 les encourager \u00e0 lutter contre ce ph\u00e9nom\u00e8ne. <\/span><\/span><\/p>\n<p><span class=\"m_-5182779032621221121normaltextrun\" style=\"color: #222222; font-family: Arial, Helvetica, sans-serif; font-size: small;\"><span lang=\"FR\" style=\"font-size: 10.5pt; font-family: 'Segoe UI', sans-serif; color: #242424; background-image: initial; background-position: initial; background-size: initial; background-repeat: initial; background-attachment: initial; background-origin: initial; background-clip: initial;\">Cette exp\u00e9rience immersive leur a permis de mieux comprendre les enjeux du cyber harc\u00e8lement. <\/span><\/span><\/p>\n<p><span class=\"m_-5182779032621221121normaltextrun\" style=\"color: #222222; font-family: Arial, Helvetica, sans-serif; font-size: small;\"><span lang=\"FR\" style=\"font-size: 10.5pt; font-family: 'Segoe UI', sans-serif; color: #242424; background-image: initial; background-position: initial; background-size: initial; background-repeat: initial; background-attachment: initial; background-origin: initial; background-clip: initial;\">Cet \u00e9v\u00e9nement a \u00e9t\u00e9\u00a0rendu possible gr\u00e2ce au soutien g\u00e9n\u00e9reux du Rotary, que nous remercions chaleureusement pour leur engagement en faveur de l&rsquo;\u00e9ducation et du bien-\u00eatre des jeunes.\u00a0<\/span><\/span><span class=\"m_-5182779032621221121eop\" style=\"color: #222222; font-family: Arial, Helvetica, sans-serif; font-size: small;\"><span style=\"font-size: 10.5pt; font-family: 'Segoe UI', sans-serif; color: #242424; background-image: initial; background-position: initial; background-size: initial; background-repeat: initial; background-attachment: initial; background-origin: initial; background-clip: initial;\">\u00a0<\/span><\/span><\/p>\n<p><img loading=\"lazy\" decoding=\"async\" class=\"aligncenter wp-image-2363 size-large\" src=\"http:\/\/ecole-communale-dottignies.be\/wp-content\/uploads\/2025\/02\/20250207_113755-1024x576.jpg\" alt=\"\" width=\"1024\" height=\"576\" srcset=\"https:\/\/ecole-communale-dottignies.be\/wp-content\/uploads\/2025\/02\/20250207_113755-1024x576.jpg 1024w, https:\/\/ecole-communale-dottignies.be\/wp-content\/uploads\/2025\/02\/20250207_113755-300x169.jpg 300w, https:\/\/ecole-communale-dottignies.be\/wp-content\/uploads\/2025\/02\/20250207_113755-768x432.jpg 768w, https:\/\/ecole-communale-dottignies.be\/wp-content\/uploads\/2025\/02\/20250207_113755-1536x864.jpg 1536w, https:\/\/ecole-communale-dottignies.be\/wp-content\/uploads\/2025\/02\/20250207_113755-2048x1153.jpg 2048w, https:\/\/ecole-communale-dottignies.be\/wp-content\/uploads\/2025\/02\/20250207_113755-1110x624.jpg 1110w, https:\/\/ecole-communale-dottignies.be\/wp-content\/uploads\/2025\/02\/20250207_113755-528x297.jpg 528w\" sizes=\"auto, (max-width: 1024px) 100vw, 1024px\" \/> <img loading=\"lazy\" decoding=\"async\" class=\"aligncenter wp-image-2364 size-large\" src=\"http:\/\/ecole-communale-dottignies.be\/wp-content\/uploads\/2025\/02\/20250207_120519-1024x576.jpg\" alt=\"\" width=\"1024\" height=\"576\" srcset=\"https:\/\/ecole-communale-dottignies.be\/wp-content\/uploads\/2025\/02\/20250207_120519-1024x576.jpg 1024w, https:\/\/ecole-communale-dottignies.be\/wp-content\/uploads\/2025\/02\/20250207_120519-300x169.jpg 300w, https:\/\/ecole-communale-dottignies.be\/wp-content\/uploads\/2025\/02\/20250207_120519-768x432.jpg 768w, https:\/\/ecole-communale-dottignies.be\/wp-content\/uploads\/2025\/02\/20250207_120519-1536x864.jpg 1536w, https:\/\/ecole-communale-dottignies.be\/wp-content\/uploads\/2025\/02\/20250207_120519-2048x1152.jpg 2048w, https:\/\/ecole-communale-dottignies.be\/wp-content\/uploads\/2025\/02\/20250207_120519-1110x624.jpg 1110w, https:\/\/ecole-communale-dottignies.be\/wp-content\/uploads\/2025\/02\/20250207_120519-528x297.jpg 528w\" sizes=\"auto, (max-width: 1024px) 100vw, 1024px\" \/><\/p>\n","protected":false},"excerpt":{"rendered":"<p>Ce vendredi 7 f\u00e9vrier, nous avons\u00a0accueilli le th\u00e9\u00e2tre du Copion pour la pi\u00e8ce \u00ab\u00a0Chut au Silence\u00a0\u00bb, abordant le cyber harc\u00e8lement. Les \u00e9l\u00e8ves de P5 et P6 ont particip\u00e9 activement \u00e0 cette repr\u00e9sentation, visant \u00e0 les sensibiliser et \u00e0 les encourager \u00e0 lutter contre ce ph\u00e9nom\u00e8ne. Cette exp\u00e9rience immersive leur a permis de mieux comprendre les [&hellip;]<\/p>\n","protected":false},"author":3,"featured_media":2364,"comment_status":"closed","ping_status":"open","sticky":false,"template":"","format":"standard","meta":{"footnotes":""},"categories":[3],"tags":[],"class_list":{"0":"post-2362","1":"post","2":"type-post","3":"status-publish","4":"format-standard","5":"has-post-thumbnail","7":"category-activites-pedagogiques","8":"czr-hentry"},"aioseo_notices":[],"_links":{"self":[{"href":"https:\/\/ecole-communale-dottignies.be\/index.php?rest_route=\/wp\/v2\/posts\/2362","targetHints":{"allow":["GET"]}}],"collection":[{"href":"https:\/\/ecole-communale-dottignies.be\/index.php?rest_route=\/wp\/v2\/posts"}],"about":[{"href":"https:\/\/ecole-communale-dottignies.be\/index.php?rest_route=\/wp\/v2\/types\/post"}],"author":[{"embeddable":true,"href":"https:\/\/ecole-communale-dottignies.be\/index.php?rest_route=\/wp\/v2\/users\/3"}],"replies":[{"embeddable":true,"href":"https:\/\/ecole-communale-dottignies.be\/index.php?rest_route=%2Fwp%2Fv2%2Fcomments&post=2362"}],"version-history":[{"count":1,"href":"https:\/\/ecole-communale-dottignies.be\/index.php?rest_route=\/wp\/v2\/posts\/2362\/revisions"}],"predecessor-version":[{"id":2365,"href":"https:\/\/ecole-communale-dottignies.be\/index.php?rest_route=\/wp\/v2\/posts\/2362\/revisions\/2365"}],"wp:featuredmedia":[{"embeddable":true,"href":"https:\/\/ecole-communale-dottignies.be\/index.php?rest_route=\/wp\/v2\/media\/2364"}],"wp:attachment":[{"href":"https:\/\/ecole-communale-dottignies.be\/index.php?rest_route=%2Fwp%2Fv2%2Fmedia&parent=2362"}],"wp:term":[{"taxonomy":"category","embeddable":true,"href":"https:\/\/ecole-communale-dottignies.be\/index.php?rest_route=%2Fwp%2Fv2%2Fcategories&post=2362"},{"taxonomy":"post_tag","embeddable":true,"href":"https:\/\/ecole-communale-dottignies.be\/index.php?rest_route=%2Fwp%2Fv2%2Ftags&post=2362"}],"curies":[{"name":"wp","href":"https:\/\/api.w.org\/{rel}","templated":true}]}}