{"id":2272,"date":"2024-09-20T15:25:39","date_gmt":"2024-09-20T13:25:39","guid":{"rendered":"https:\/\/ecole-communale-dottignies.be\/?p=2272"},"modified":"2024-09-20T15:34:43","modified_gmt":"2024-09-20T13:34:43","slug":"horaires-de-lecole","status":"publish","type":"post","link":"https:\/\/ecole-communale-dottignies.be\/?p=2272","title":{"rendered":"Horaires de l&rsquo;\u00e9cole"},"content":{"rendered":"<p><span style=\"font-weight: 400;\">\u25aa<\/span><span style=\"font-weight: 400;\"> En maternelle\u00a0:\u00a0 <\/span><\/p>\n<ul>\n<li><span style=\"font-weight: 400;\">le matin \u00e0 8h30 et se terminent \u00e0 11h40 ;<\/span><\/li>\n<li><span style=\"font-weight: 400;\">l\u2019apr\u00e8s-midi \u00e0 13h05 et se terminent \u00e0 15h35 ;\u00a0<\/span><\/li>\n<li><span style=\"font-weight: 400;\">le mercredi les cours terminent \u00e0 12h05 ;<\/span><\/li>\n<li><span style=\"font-weight: 400;\">le vendredi les cours se terminent \u00e0 14h30.<\/span><span style=\"font-weight: 400;\">\u00a0 \u00a0 \u00a0 \u00a0 \u00a0 \u00a0 \u00a0 \u00a0 \u00a0 \u00a0 \u00a0 \u00a0 \u00a0 \u00a0 \u00a0 \u00a0 \u00a0 \u00a0 \u00a0 \u00a0 \u00a0 \u00a0 \u00a0 \u00a0 \u00a0 \u00a0 \u00a0 \u00a0<\/span><\/li>\n<\/ul>\n<p><span style=\"font-weight: 400;\">\u25aa<\/span><span style=\"font-weight: 400;\"> En primaire\u00a0:<\/span><\/p>\n<ul>\n<li><span style=\"font-weight: 400;\">le matin \u00e0 8h30 et se terminent \u00e0 12H05 ;<\/span><\/li>\n<li><span style=\"font-weight: 400;\">l\u2019apr\u00e8s-midi \u00e0 13H15 et se terminent \u00e0 15h35 ;<\/span><\/li>\n<li><span style=\"font-weight: 400;\">le mercredi les cours terminent \u00e0 12h05 ;<\/span><\/li>\n<li><span style=\"font-weight: 400;\">le vendredi les cours se terminent \u00e0 14h30.<\/span><\/li>\n<\/ul>\n<p>&nbsp;<\/p>\n<p><b>Pour la s\u00e9curit\u00e9 des enfants et la bonne organisation des surveillances, les enfants ne peuvent acc\u00e9der \u00e0 la cour qu\u2019\u00e0 8h05 le matin et 13h l\u2019apr\u00e8s-midi.<\/b><\/p>\n<p><b>Le matin, seuls les enfants sont autoris\u00e9s \u00e0 p\u00e9n\u00e9trer au sein de l\u2019\u00e9cole.<br \/>\nEn fin de journ\u00e9e\u00a0<\/b><b>et le mercredi midi, les parents peuvent entrer dans la cour de r\u00e9cr\u00e9ation.<\/b><\/p>\n","protected":false},"excerpt":{"rendered":"<p>\u25aa En maternelle\u00a0:\u00a0 le matin \u00e0 8h30 et se terminent \u00e0 11h40 ; l\u2019apr\u00e8s-midi \u00e0 13h05 et se terminent \u00e0 15h35 ;\u00a0 le mercredi les cours terminent \u00e0 12h05 ; le vendredi les cours se terminent \u00e0 14h30.\u00a0 \u00a0 \u00a0 \u00a0 \u00a0 \u00a0 \u00a0 \u00a0 \u00a0 \u00a0 \u00a0 \u00a0 \u00a0 \u00a0 \u00a0 \u00a0 \u00a0 \u00a0 [&hellip;]<\/p>\n","protected":false},"author":3,"featured_media":2277,"comment_status":"closed","ping_status":"open","sticky":false,"template":"","format":"standard","meta":{"footnotes":""},"categories":[1],"tags":[],"class_list":{"0":"post-2272","1":"post","2":"type-post","3":"status-publish","4":"format-standard","5":"has-post-thumbnail","7":"category-notre-ecole","8":"czr-hentry"},"aioseo_notices":[],"_links":{"self":[{"href":"https:\/\/ecole-communale-dottignies.be\/index.php?rest_route=\/wp\/v2\/posts\/2272","targetHints":{"allow":["GET"]}}],"collection":[{"href":"https:\/\/ecole-communale-dottignies.be\/index.php?rest_route=\/wp\/v2\/posts"}],"about":[{"href":"https:\/\/ecole-communale-dottignies.be\/index.php?rest_route=\/wp\/v2\/types\/post"}],"author":[{"embeddable":true,"href":"https:\/\/ecole-communale-dottignies.be\/index.php?rest_route=\/wp\/v2\/users\/3"}],"replies":[{"embeddable":true,"href":"https:\/\/ecole-communale-dottignies.be\/index.php?rest_route=%2Fwp%2Fv2%2Fcomments&post=2272"}],"version-history":[{"count":1,"href":"https:\/\/ecole-communale-dottignies.be\/index.php?rest_route=\/wp\/v2\/posts\/2272\/revisions"}],"predecessor-version":[{"id":2273,"href":"https:\/\/ecole-communale-dottignies.be\/index.php?rest_route=\/wp\/v2\/posts\/2272\/revisions\/2273"}],"wp:featuredmedia":[{"embeddable":true,"href":"https:\/\/ecole-communale-dottignies.be\/index.php?rest_route=\/wp\/v2\/media\/2277"}],"wp:attachment":[{"href":"https:\/\/ecole-communale-dottignies.be\/index.php?rest_route=%2Fwp%2Fv2%2Fmedia&parent=2272"}],"wp:term":[{"taxonomy":"category","embeddable":true,"href":"https:\/\/ecole-communale-dottignies.be\/index.php?rest_route=%2Fwp%2Fv2%2Fcategories&post=2272"},{"taxonomy":"post_tag","embeddable":true,"href":"https:\/\/ecole-communale-dottignies.be\/index.php?rest_route=%2Fwp%2Fv2%2Ftags&post=2272"}],"curies":[{"name":"wp","href":"https:\/\/api.w.org\/{rel}","templated":true}]}}